{"id":7930,"date":"2022-06-29T20:57:23","date_gmt":"2022-06-29T23:57:23","guid":{"rendered":"https:\/\/www.bimsur.com\/sitio\/?p=7930"},"modified":"2022-08-03T10:01:14","modified_gmt":"2022-08-03T13:01:14","slug":"cchc-concepcion-prepara-visor-territorial-integrado-y-abierto-a-la-ciudadania","status":"publish","type":"post","link":"https:\/\/www.bimsur.com\/sitio\/cchc-concepcion-prepara-visor-territorial-integrado-y-abierto-a-la-ciudadania\/","title":{"rendered":"CChC Concepci\u00f3n prepara visor territorial integrado y abierto a la ciudadan\u00eda"},"content":{"rendered":"<p><strong>2022-06-29<\/strong><\/p>\n<blockquote>\n<p><em>La herramienta tecnol\u00f3gica permitir\u00e1 conocer datos actualizados que contribuyan a la toma de decisiones para potenciar un desarrollo sostenible del Gran Concepci\u00f3n. Se trata de la primera iniciativa local que reunir\u00e1 informaci\u00f3n del sector p\u00fablico y privado en un solo sitio y que ser\u00e1 de consulta p\u00fablica. <\/em><\/p>\n<\/blockquote>\n<p><strong>Con el prop\u00f3sito de facilitar el acceso a informaci\u00f3n relevante sobre el territorio local<\/strong>, la CChC, a trav\u00e9s del Comit\u00e9 de Arquitectura y Urbanismo, est\u00e1 desarrollando el primer <strong>\u201cGemelo Digital del Gran Concepci\u00f3n\u201d.<\/strong><\/p>\n<p>Se trata de un <strong>visor territorial integrado en 2D y 3D que contendr\u00e1 informaci\u00f3n geoespacial existente<\/strong>, aportada, tanto por instituciones del \u00e1mbito p\u00fablico, como por empresas privadas interesadas en participar.<\/p>\n<p>Juan Jos\u00e9 Calder\u00f3n, impulsor de la iniciativa y presidente del grupo de trabajo de Arquitectura, destaca que <strong>la plataforma estar\u00e1 abierta a la ciudadan\u00eda.<\/strong><\/p>\n<p><strong>\u201cLa idea es que esta herramienta sea un espacio de consulta p\u00fablica que aporte a la toma de decisiones y a elaborar an\u00e1lisis sobre el desarrollo urbano sostenible del Gran Concepci\u00f3n. <\/strong>Adem\u00e1s, esperamos que se convierta en un instrumento con datos actualizados que ayude a una mejor planificaci\u00f3n territorial\u201d, dice Calder\u00f3n.<\/p>\n<p>El visor tecnol\u00f3gico estar\u00e1 disponible a fines de a\u00f1o -se estima que en diciembre- en el sitio web de la CChC local: <span><a href=\"https:\/\/www.concepcionconstruye.cl\"><strong>www.concepcionconstruye.cl<\/strong><\/a><\/span>.<\/p>\n<p>El dirigente agrega que con <strong>esta plataforma tambi\u00e9n se busca facilitar el acceso a informaci\u00f3n de manera simple y clara, con apoyo de la tecnolog\u00eda.<\/strong> \u201cLo que estamos haciendo es reunir informaci\u00f3n clave para el desarrollo urbano de la ciudad en un solo sitio web, a trav\u00e9s de este visualizador de datos, que se organizar\u00e1 en capas\u201d.<\/p>\n<p>En el plano gremial, Calder\u00f3n explica que <strong>ser\u00e1 un espacio de consulta para los socios con informaci\u00f3n que va desde los instrumentos de planificaci\u00f3n hasta la identificaci\u00f3n de las \u00e1reas de riesgo y licitaciones de proyectos p\u00fablicos, entre otros datos.<\/strong><\/p>\n<p>Coment\u00f3 que el Gemelo Digital es la primera iniciativa de este tipo a nivel local y la segunda que se impulsa desde el gremio en el pa\u00eds, luego de Punta Arenas.<\/p>\n<blockquote>\n<p><em>El Gemelo Digital del Gran Concepci\u00f3n estar\u00e1 disponible a fines de a\u00f1o en el sitio web de la CChC local: <\/em><span><a href=\"https:\/\/www.concepcionconstruye.cl\"><em>www.concepcionconstruye.cl<\/em><\/a><\/span><span><em>.<\/em><\/span><\/p>\n<\/blockquote>\n<p><img loading=\"lazy\" decoding=\"async\" src=\"https:\/\/www.bimsur.com\/sitio\/wp-content\/uploads\/2022\/08\/2022-06-29_CChC_Concepcion_prepara_visor_territorial-300x200.jpg\" alt=\"\" width=\"300\" height=\"200\" class=\"alignnone size-medium wp-image-7931\" srcset=\"https:\/\/www.bimsur.com\/sitio\/wp-content\/uploads\/2022\/08\/2022-06-29_CChC_Concepcion_prepara_visor_territorial-300x200.jpg 300w, https:\/\/www.bimsur.com\/sitio\/wp-content\/uploads\/2022\/08\/2022-06-29_CChC_Concepcion_prepara_visor_territorial.jpg 900w\" sizes=\"auto, (max-width: 300px) 100vw, 300px\" \/><\/p>\n<p><a href=\"https:\/\/concepcionconstruye.cl\/los-temas-que-promueve-el-grupo-bio-bio-sostenible\/\" rel=\"noopener\" target=\"_blank\">CChC: Los temas que promueve el Grupo \u201cBio Bio Sostenible\u201d<\/a><\/p>\n","protected":false},"excerpt":{"rendered":"<p>2022-06-29 La herramienta tecnol\u00f3gica permitir\u00e1 conocer datos actualizados que contribuyan a la toma de decisiones para potenciar un desarrollo sostenible del Gran Concepci\u00f3n. Se trata de la primera iniciativa local que reunir\u00e1 informaci\u00f3n del sector p\u00fablico y privado en un solo sitio y que ser\u00e1 de consulta p\u00fablica. Con el prop\u00f3sito de facilitar el acceso&#8230;<\/p>\n","protected":false},"author":2,"featured_media":7935,"comment_status":"open","ping_status":"open","sticky":false,"template":"","format":"standard","meta":{"_acf_changed":false,"footnotes":""},"categories":[17,19],"tags":[],"class_list":["post-7930","post","type-post","status-publish","format-standard","has-post-thumbnail","hentry","category-noticias","category-noticias-destacadas"],"acf":[],"yoast_head":"<!-- This site is optimized with the Yoast SEO plugin v27.5 - https:\/\/yoast.com\/product\/yoast-seo-wordpress\/ -->\n<title>CChC Concepci\u00f3n prepara visor territorial integrado y abierto a la ciudadan\u00eda - BIMSUR<\/title>\n<meta name=\"robots\" content=\"index, follow, max-snippet:-1, max-image-preview:large, max-video-preview:-1\" \/>\n<link rel=\"canonical\" href=\"https:\/\/www.bimsur.com\/sitio\/cchc-concepcion-prepara-visor-territorial-integrado-y-abierto-a-la-ciudadania\/\" \/>\n<meta property=\"og:locale\" content=\"es_ES\" \/>\n<meta property=\"og:type\" content=\"article\" \/>\n<meta property=\"og:title\" content=\"CChC Concepci\u00f3n prepara visor territorial integrado y abierto a la ciudadan\u00eda - BIMSUR\" \/>\n<meta property=\"og:description\" content=\"2022-06-29 La herramienta tecnol\u00f3gica permitir\u00e1 conocer datos actualizados que contribuyan a la toma de decisiones para potenciar un desarrollo sostenible del Gran Concepci\u00f3n. Se trata de la primera iniciativa local que reunir\u00e1 informaci\u00f3n del sector p\u00fablico y privado en un solo sitio y que ser\u00e1 de consulta p\u00fablica. Con el prop\u00f3sito de facilitar el acceso...\" \/>\n<meta property=\"og:url\" content=\"https:\/\/www.bimsur.com\/sitio\/cchc-concepcion-prepara-visor-territorial-integrado-y-abierto-a-la-ciudadania\/\" \/>\n<meta property=\"og:site_name\" content=\"BIMSUR\" \/>\n<meta property=\"article:publisher\" content=\"https:\/\/www.facebook.com\/bimsurarquitectos\" \/>\n<meta property=\"article:published_time\" content=\"2022-06-29T23:57:23+00:00\" \/>\n<meta property=\"article:modified_time\" content=\"2022-08-03T13:01:14+00:00\" \/>\n<meta property=\"og:image\" content=\"https:\/\/www.bimsur.com\/sitio\/wp-content\/uploads\/2022\/06\/2022-06-29_CChC_Concepcion_prepara_visor_territorial_portada-1.jpg\" \/>\n\t<meta property=\"og:image:width\" content=\"600\" \/>\n\t<meta property=\"og:image:height\" content=\"600\" \/>\n\t<meta property=\"og:image:type\" content=\"image\/jpeg\" \/>\n<meta name=\"author\" content=\"Juan Jose Calderon\" \/>\n<meta name=\"twitter:card\" content=\"summary_large_image\" \/>\n<meta name=\"twitter:label1\" content=\"Escrito por\" \/>\n\t<meta name=\"twitter:data1\" content=\"Juan Jose Calderon\" \/>\n\t<meta name=\"twitter:label2\" content=\"Tiempo estimado de lectura\" \/>\n\t<meta name=\"twitter:data2\" content=\"2 minutos\" \/>\n<script type=\"application\/ld+json\" class=\"yoast-schema-graph\">{\"@context\":\"https:\\\/\\\/schema.org\",\"@graph\":[{\"@type\":\"Article\",\"@id\":\"https:\\\/\\\/www.bimsur.com\\\/sitio\\\/cchc-concepcion-prepara-visor-territorial-integrado-y-abierto-a-la-ciudadania\\\/#article\",\"isPartOf\":{\"@id\":\"https:\\\/\\\/www.bimsur.com\\\/sitio\\\/cchc-concepcion-prepara-visor-territorial-integrado-y-abierto-a-la-ciudadania\\\/\"},\"author\":{\"name\":\"Juan Jose Calderon\",\"@id\":\"https:\\\/\\\/www.bimsur.com\\\/sitio\\\/#\\\/schema\\\/person\\\/bcd169f6f6dab2a953f4ac83058e8115\"},\"headline\":\"CChC Concepci\u00f3n prepara visor territorial integrado y abierto a la ciudadan\u00eda\",\"datePublished\":\"2022-06-29T23:57:23+00:00\",\"dateModified\":\"2022-08-03T13:01:14+00:00\",\"mainEntityOfPage\":{\"@id\":\"https:\\\/\\\/www.bimsur.com\\\/sitio\\\/cchc-concepcion-prepara-visor-territorial-integrado-y-abierto-a-la-ciudadania\\\/\"},\"wordCount\":420,\"commentCount\":0,\"publisher\":{\"@id\":\"https:\\\/\\\/www.bimsur.com\\\/sitio\\\/#organization\"},\"image\":{\"@id\":\"https:\\\/\\\/www.bimsur.com\\\/sitio\\\/cchc-concepcion-prepara-visor-territorial-integrado-y-abierto-a-la-ciudadania\\\/#primaryimage\"},\"thumbnailUrl\":\"https:\\\/\\\/www.bimsur.com\\\/sitio\\\/wp-content\\\/uploads\\\/2022\\\/06\\\/2022-06-29_CChC_Concepcion_prepara_visor_territorial_portada-1.jpg\",\"articleSection\":[\"Noticias\",\"Noticias Destacadas\"],\"inLanguage\":\"es-CL\",\"potentialAction\":[{\"@type\":\"CommentAction\",\"name\":\"Comment\",\"target\":[\"https:\\\/\\\/www.bimsur.com\\\/sitio\\\/cchc-concepcion-prepara-visor-territorial-integrado-y-abierto-a-la-ciudadania\\\/#respond\"]}]},{\"@type\":\"WebPage\",\"@id\":\"https:\\\/\\\/www.bimsur.com\\\/sitio\\\/cchc-concepcion-prepara-visor-territorial-integrado-y-abierto-a-la-ciudadania\\\/\",\"url\":\"https:\\\/\\\/www.bimsur.com\\\/sitio\\\/cchc-concepcion-prepara-visor-territorial-integrado-y-abierto-a-la-ciudadania\\\/\",\"name\":\"CChC Concepci\u00f3n prepara visor territorial integrado y abierto a la ciudadan\u00eda - BIMSUR\",\"isPartOf\":{\"@id\":\"https:\\\/\\\/www.bimsur.com\\\/sitio\\\/#website\"},\"primaryImageOfPage\":{\"@id\":\"https:\\\/\\\/www.bimsur.com\\\/sitio\\\/cchc-concepcion-prepara-visor-territorial-integrado-y-abierto-a-la-ciudadania\\\/#primaryimage\"},\"image\":{\"@id\":\"https:\\\/\\\/www.bimsur.com\\\/sitio\\\/cchc-concepcion-prepara-visor-territorial-integrado-y-abierto-a-la-ciudadania\\\/#primaryimage\"},\"thumbnailUrl\":\"https:\\\/\\\/www.bimsur.com\\\/sitio\\\/wp-content\\\/uploads\\\/2022\\\/06\\\/2022-06-29_CChC_Concepcion_prepara_visor_territorial_portada-1.jpg\",\"datePublished\":\"2022-06-29T23:57:23+00:00\",\"dateModified\":\"2022-08-03T13:01:14+00:00\",\"breadcrumb\":{\"@id\":\"https:\\\/\\\/www.bimsur.com\\\/sitio\\\/cchc-concepcion-prepara-visor-territorial-integrado-y-abierto-a-la-ciudadania\\\/#breadcrumb\"},\"inLanguage\":\"es-CL\",\"potentialAction\":[{\"@type\":\"ReadAction\",\"target\":[\"https:\\\/\\\/www.bimsur.com\\\/sitio\\\/cchc-concepcion-prepara-visor-territorial-integrado-y-abierto-a-la-ciudadania\\\/\"]}]},{\"@type\":\"ImageObject\",\"inLanguage\":\"es-CL\",\"@id\":\"https:\\\/\\\/www.bimsur.com\\\/sitio\\\/cchc-concepcion-prepara-visor-territorial-integrado-y-abierto-a-la-ciudadania\\\/#primaryimage\",\"url\":\"https:\\\/\\\/www.bimsur.com\\\/sitio\\\/wp-content\\\/uploads\\\/2022\\\/06\\\/2022-06-29_CChC_Concepcion_prepara_visor_territorial_portada-1.jpg\",\"contentUrl\":\"https:\\\/\\\/www.bimsur.com\\\/sitio\\\/wp-content\\\/uploads\\\/2022\\\/06\\\/2022-06-29_CChC_Concepcion_prepara_visor_territorial_portada-1.jpg\",\"width\":600,\"height\":600},{\"@type\":\"BreadcrumbList\",\"@id\":\"https:\\\/\\\/www.bimsur.com\\\/sitio\\\/cchc-concepcion-prepara-visor-territorial-integrado-y-abierto-a-la-ciudadania\\\/#breadcrumb\",\"itemListElement\":[{\"@type\":\"ListItem\",\"position\":1,\"name\":\"Portada\",\"item\":\"https:\\\/\\\/www.bimsur.com\\\/sitio\\\/\"},{\"@type\":\"ListItem\",\"position\":2,\"name\":\"CChC Concepci\u00f3n prepara visor territorial integrado y abierto a la ciudadan\u00eda\"}]},{\"@type\":\"WebSite\",\"@id\":\"https:\\\/\\\/www.bimsur.com\\\/sitio\\\/#website\",\"url\":\"https:\\\/\\\/www.bimsur.com\\\/sitio\\\/\",\"name\":\"BIMSUR\",\"description\":\"BIMSUR Arquitectos\",\"publisher\":{\"@id\":\"https:\\\/\\\/www.bimsur.com\\\/sitio\\\/#organization\"},\"potentialAction\":[{\"@type\":\"SearchAction\",\"target\":{\"@type\":\"EntryPoint\",\"urlTemplate\":\"https:\\\/\\\/www.bimsur.com\\\/sitio\\\/?s={search_term_string}\"},\"query-input\":{\"@type\":\"PropertyValueSpecification\",\"valueRequired\":true,\"valueName\":\"search_term_string\"}}],\"inLanguage\":\"es-CL\"},{\"@type\":\"Organization\",\"@id\":\"https:\\\/\\\/www.bimsur.com\\\/sitio\\\/#organization\",\"name\":\"BIMSUR Arquitectos\",\"url\":\"https:\\\/\\\/www.bimsur.com\\\/sitio\\\/\",\"logo\":{\"@type\":\"ImageObject\",\"inLanguage\":\"es-CL\",\"@id\":\"https:\\\/\\\/www.bimsur.com\\\/sitio\\\/#\\\/schema\\\/logo\\\/image\\\/\",\"url\":\"https:\\\/\\\/www.bimsur.com\\\/sitio\\\/wp-content\\\/uploads\\\/2022\\\/07\\\/Logo_BIMSUR.png\",\"contentUrl\":\"https:\\\/\\\/www.bimsur.com\\\/sitio\\\/wp-content\\\/uploads\\\/2022\\\/07\\\/Logo_BIMSUR.png\",\"width\":2362,\"height\":2362,\"caption\":\"BIMSUR Arquitectos\"},\"image\":{\"@id\":\"https:\\\/\\\/www.bimsur.com\\\/sitio\\\/#\\\/schema\\\/logo\\\/image\\\/\"},\"sameAs\":[\"https:\\\/\\\/www.facebook.com\\\/bimsurarquitectos\",\"https:\\\/\\\/www.instagram.com\\\/bimsurarquitectos\\\/\"]},{\"@type\":\"Person\",\"@id\":\"https:\\\/\\\/www.bimsur.com\\\/sitio\\\/#\\\/schema\\\/person\\\/bcd169f6f6dab2a953f4ac83058e8115\",\"name\":\"Juan Jose Calderon\",\"image\":{\"@type\":\"ImageObject\",\"inLanguage\":\"es-CL\",\"@id\":\"https:\\\/\\\/secure.gravatar.com\\\/avatar\\\/8e30c73473c5d3c1ed28235cffe8828f1cbd3ef215c48750bd586ef4f3266a0a?s=96&d=mm&r=g\",\"url\":\"https:\\\/\\\/secure.gravatar.com\\\/avatar\\\/8e30c73473c5d3c1ed28235cffe8828f1cbd3ef215c48750bd586ef4f3266a0a?s=96&d=mm&r=g\",\"contentUrl\":\"https:\\\/\\\/secure.gravatar.com\\\/avatar\\\/8e30c73473c5d3c1ed28235cffe8828f1cbd3ef215c48750bd586ef4f3266a0a?s=96&d=mm&r=g\",\"caption\":\"Juan Jose Calderon\"},\"url\":\"https:\\\/\\\/www.bimsur.com\\\/sitio\\\/author\\\/jjcalderon\\\/\"}]}<\/script>\n<!-- \/ Yoast SEO plugin. -->","yoast_head_json":{"title":"CChC Concepci\u00f3n prepara visor territorial integrado y abierto a la ciudadan\u00eda - BIMSUR","robots":{"index":"index","follow":"follow","max-snippet":"max-snippet:-1","max-image-preview":"max-image-preview:large","max-video-preview":"max-video-preview:-1"},"canonical":"https:\/\/www.bimsur.com\/sitio\/cchc-concepcion-prepara-visor-territorial-integrado-y-abierto-a-la-ciudadania\/","og_locale":"es_ES","og_type":"article","og_title":"CChC Concepci\u00f3n prepara visor territorial integrado y abierto a la ciudadan\u00eda - BIMSUR","og_description":"2022-06-29 La herramienta tecnol\u00f3gica permitir\u00e1 conocer datos actualizados que contribuyan a la toma de decisiones para potenciar un desarrollo sostenible del Gran Concepci\u00f3n. Se trata de la primera iniciativa local que reunir\u00e1 informaci\u00f3n del sector p\u00fablico y privado en un solo sitio y que ser\u00e1 de consulta p\u00fablica. Con el prop\u00f3sito de facilitar el acceso...","og_url":"https:\/\/www.bimsur.com\/sitio\/cchc-concepcion-prepara-visor-territorial-integrado-y-abierto-a-la-ciudadania\/","og_site_name":"BIMSUR","article_publisher":"https:\/\/www.facebook.com\/bimsurarquitectos","article_published_time":"2022-06-29T23:57:23+00:00","article_modified_time":"2022-08-03T13:01:14+00:00","og_image":[{"width":600,"height":600,"url":"https:\/\/www.bimsur.com\/sitio\/wp-content\/uploads\/2022\/06\/2022-06-29_CChC_Concepcion_prepara_visor_territorial_portada-1.jpg","type":"image\/jpeg"}],"author":"Juan Jose Calderon","twitter_card":"summary_large_image","twitter_misc":{"Escrito por":"Juan Jose Calderon","Tiempo estimado de lectura":"2 minutos"},"schema":{"@context":"https:\/\/schema.org","@graph":[{"@type":"Article","@id":"https:\/\/www.bimsur.com\/sitio\/cchc-concepcion-prepara-visor-territorial-integrado-y-abierto-a-la-ciudadania\/#article","isPartOf":{"@id":"https:\/\/www.bimsur.com\/sitio\/cchc-concepcion-prepara-visor-territorial-integrado-y-abierto-a-la-ciudadania\/"},"author":{"name":"Juan Jose Calderon","@id":"https:\/\/www.bimsur.com\/sitio\/#\/schema\/person\/bcd169f6f6dab2a953f4ac83058e8115"},"headline":"CChC Concepci\u00f3n prepara visor territorial integrado y abierto a la ciudadan\u00eda","datePublished":"2022-06-29T23:57:23+00:00","dateModified":"2022-08-03T13:01:14+00:00","mainEntityOfPage":{"@id":"https:\/\/www.bimsur.com\/sitio\/cchc-concepcion-prepara-visor-territorial-integrado-y-abierto-a-la-ciudadania\/"},"wordCount":420,"commentCount":0,"publisher":{"@id":"https:\/\/www.bimsur.com\/sitio\/#organization"},"image":{"@id":"https:\/\/www.bimsur.com\/sitio\/cchc-concepcion-prepara-visor-territorial-integrado-y-abierto-a-la-ciudadania\/#primaryimage"},"thumbnailUrl":"https:\/\/www.bimsur.com\/sitio\/wp-content\/uploads\/2022\/06\/2022-06-29_CChC_Concepcion_prepara_visor_territorial_portada-1.jpg","articleSection":["Noticias","Noticias Destacadas"],"inLanguage":"es-CL","potentialAction":[{"@type":"CommentAction","name":"Comment","target":["https:\/\/www.bimsur.com\/sitio\/cchc-concepcion-prepara-visor-territorial-integrado-y-abierto-a-la-ciudadania\/#respond"]}]},{"@type":"WebPage","@id":"https:\/\/www.bimsur.com\/sitio\/cchc-concepcion-prepara-visor-territorial-integrado-y-abierto-a-la-ciudadania\/","url":"https:\/\/www.bimsur.com\/sitio\/cchc-concepcion-prepara-visor-territorial-integrado-y-abierto-a-la-ciudadania\/","name":"CChC Concepci\u00f3n prepara visor territorial integrado y abierto a la ciudadan\u00eda - BIMSUR","isPartOf":{"@id":"https:\/\/www.bimsur.com\/sitio\/#website"},"primaryImageOfPage":{"@id":"https:\/\/www.bimsur.com\/sitio\/cchc-concepcion-prepara-visor-territorial-integrado-y-abierto-a-la-ciudadania\/#primaryimage"},"image":{"@id":"https:\/\/www.bimsur.com\/sitio\/cchc-concepcion-prepara-visor-territorial-integrado-y-abierto-a-la-ciudadania\/#primaryimage"},"thumbnailUrl":"https:\/\/www.bimsur.com\/sitio\/wp-content\/uploads\/2022\/06\/2022-06-29_CChC_Concepcion_prepara_visor_territorial_portada-1.jpg","datePublished":"2022-06-29T23:57:23+00:00","dateModified":"2022-08-03T13:01:14+00:00","breadcrumb":{"@id":"https:\/\/www.bimsur.com\/sitio\/cchc-concepcion-prepara-visor-territorial-integrado-y-abierto-a-la-ciudadania\/#breadcrumb"},"inLanguage":"es-CL","potentialAction":[{"@type":"ReadAction","target":["https:\/\/www.bimsur.com\/sitio\/cchc-concepcion-prepara-visor-territorial-integrado-y-abierto-a-la-ciudadania\/"]}]},{"@type":"ImageObject","inLanguage":"es-CL","@id":"https:\/\/www.bimsur.com\/sitio\/cchc-concepcion-prepara-visor-territorial-integrado-y-abierto-a-la-ciudadania\/#primaryimage","url":"https:\/\/www.bimsur.com\/sitio\/wp-content\/uploads\/2022\/06\/2022-06-29_CChC_Concepcion_prepara_visor_territorial_portada-1.jpg","contentUrl":"https:\/\/www.bimsur.com\/sitio\/wp-content\/uploads\/2022\/06\/2022-06-29_CChC_Concepcion_prepara_visor_territorial_portada-1.jpg","width":600,"height":600},{"@type":"BreadcrumbList","@id":"https:\/\/www.bimsur.com\/sitio\/cchc-concepcion-prepara-visor-territorial-integrado-y-abierto-a-la-ciudadania\/#breadcrumb","itemListElement":[{"@type":"ListItem","position":1,"name":"Portada","item":"https:\/\/www.bimsur.com\/sitio\/"},{"@type":"ListItem","position":2,"name":"CChC Concepci\u00f3n prepara visor territorial integrado y abierto a la ciudadan\u00eda"}]},{"@type":"WebSite","@id":"https:\/\/www.bimsur.com\/sitio\/#website","url":"https:\/\/www.bimsur.com\/sitio\/","name":"BIMSUR","description":"BIMSUR Arquitectos","publisher":{"@id":"https:\/\/www.bimsur.com\/sitio\/#organization"},"potentialAction":[{"@type":"SearchAction","target":{"@type":"EntryPoint","urlTemplate":"https:\/\/www.bimsur.com\/sitio\/?s={search_term_string}"},"query-input":{"@type":"PropertyValueSpecification","valueRequired":true,"valueName":"search_term_string"}}],"inLanguage":"es-CL"},{"@type":"Organization","@id":"https:\/\/www.bimsur.com\/sitio\/#organization","name":"BIMSUR Arquitectos","url":"https:\/\/www.bimsur.com\/sitio\/","logo":{"@type":"ImageObject","inLanguage":"es-CL","@id":"https:\/\/www.bimsur.com\/sitio\/#\/schema\/logo\/image\/","url":"https:\/\/www.bimsur.com\/sitio\/wp-content\/uploads\/2022\/07\/Logo_BIMSUR.png","contentUrl":"https:\/\/www.bimsur.com\/sitio\/wp-content\/uploads\/2022\/07\/Logo_BIMSUR.png","width":2362,"height":2362,"caption":"BIMSUR Arquitectos"},"image":{"@id":"https:\/\/www.bimsur.com\/sitio\/#\/schema\/logo\/image\/"},"sameAs":["https:\/\/www.facebook.com\/bimsurarquitectos","https:\/\/www.instagram.com\/bimsurarquitectos\/"]},{"@type":"Person","@id":"https:\/\/www.bimsur.com\/sitio\/#\/schema\/person\/bcd169f6f6dab2a953f4ac83058e8115","name":"Juan Jose Calderon","image":{"@type":"ImageObject","inLanguage":"es-CL","@id":"https:\/\/secure.gravatar.com\/avatar\/8e30c73473c5d3c1ed28235cffe8828f1cbd3ef215c48750bd586ef4f3266a0a?s=96&d=mm&r=g","url":"https:\/\/secure.gravatar.com\/avatar\/8e30c73473c5d3c1ed28235cffe8828f1cbd3ef215c48750bd586ef4f3266a0a?s=96&d=mm&r=g","contentUrl":"https:\/\/secure.gravatar.com\/avatar\/8e30c73473c5d3c1ed28235cffe8828f1cbd3ef215c48750bd586ef4f3266a0a?s=96&d=mm&r=g","caption":"Juan Jose Calderon"},"url":"https:\/\/www.bimsur.com\/sitio\/author\/jjcalderon\/"}]}},"_links":{"self":[{"href":"https:\/\/www.bimsur.com\/sitio\/wp-json\/wp\/v2\/posts\/7930","targetHints":{"allow":["GET"]}}],"collection":[{"href":"https:\/\/www.bimsur.com\/sitio\/wp-json\/wp\/v2\/posts"}],"about":[{"href":"https:\/\/www.bimsur.com\/sitio\/wp-json\/wp\/v2\/types\/post"}],"author":[{"embeddable":true,"href":"https:\/\/www.bimsur.com\/sitio\/wp-json\/wp\/v2\/users\/2"}],"replies":[{"embeddable":true,"href":"https:\/\/www.bimsur.com\/sitio\/wp-json\/wp\/v2\/comments?post=7930"}],"version-history":[{"count":5,"href":"https:\/\/www.bimsur.com\/sitio\/wp-json\/wp\/v2\/posts\/7930\/revisions"}],"predecessor-version":[{"id":7955,"href":"https:\/\/www.bimsur.com\/sitio\/wp-json\/wp\/v2\/posts\/7930\/revisions\/7955"}],"wp:featuredmedia":[{"embeddable":true,"href":"https:\/\/www.bimsur.com\/sitio\/wp-json\/wp\/v2\/media\/7935"}],"wp:attachment":[{"href":"https:\/\/www.bimsur.com\/sitio\/wp-json\/wp\/v2\/media?parent=7930"}],"wp:term":[{"taxonomy":"category","embeddable":true,"href":"https:\/\/www.bimsur.com\/sitio\/wp-json\/wp\/v2\/categories?post=7930"},{"taxonomy":"post_tag","embeddable":true,"href":"https:\/\/www.bimsur.com\/sitio\/wp-json\/wp\/v2\/tags?post=7930"}],"curies":[{"name":"wp","href":"https:\/\/api.w.org\/{rel}","templated":true}]}}