{"id":7945,"date":"2020-09-22T09:48:11","date_gmt":"2020-09-22T12:48:11","guid":{"rendered":"https:\/\/www.bimsur.com\/sitio\/?p=7945"},"modified":"2022-08-03T09:55:11","modified_gmt":"2022-08-03T12:55:11","slug":"juan-jose-calderon-presidente-comite-de-arquitectura-y-urbanismo-queremos-transformar-a-concepcion-en-una-ciudad-inteligente","status":"publish","type":"post","link":"https:\/\/www.bimsur.com\/sitio\/juan-jose-calderon-presidente-comite-de-arquitectura-y-urbanismo-queremos-transformar-a-concepcion-en-una-ciudad-inteligente\/","title":{"rendered":"Juan Jos\u00e9 Calder\u00f3n, presidente Comit\u00e9 de Arquitectura y Urbanismo: \u201cQueremos transformar a Concepci\u00f3n en una ciudad inteligente\u201d"},"content":{"rendered":"<p><strong>2020-09-22<\/strong><\/p>\n<blockquote>\n<p><em>El profesional tendr\u00e1 una agenda con un importante foco en acciones que aporten al desarrollo de la urbe penquista como una \u201cSmart City\u201d. Adem\u00e1s, fortalecer\u00e1 los conversatorios DOM-MINVU-CChC ampli\u00e1ndolos a asesor\u00eda urbana de los municipios <\/em><em>de la Regi\u00f3n e iniciar\u00e1 los grupos de trabajo de Sustentabilidad y Medio Ambiente y de Movilidad Sostenible.<\/em><\/p>\n<\/blockquote>\n<p>El arquitecto Juan Jos\u00e9 Calder\u00f3n se convirti\u00f3 en el nuevo presidente del Comit\u00e9 de Arquitectura y Urbanismo (CAU) del gremio local para los pr\u00f3ximos dos a\u00f1os. Un periodo que de apacible no tiene nada. En el cargo deber\u00e1 abordar la tramitaci\u00f3n al Plan Regulador Comunal de Concepci\u00f3n; la articulaci\u00f3n del Encuentro Nacional de Arquitectos CChC, y los efectos pospandemia en el desarrollo urban\u00edstico de la ciudad.<\/p>\n<p>Sin embargo, al arquitecto de la Universidad del B\u00edo-B\u00edo, se le escucha tranquilo y entusiasmado con estos nuevos desaf\u00edos.<\/p>\n<p><strong>\u00bfCu\u00e1l ser\u00e1 el sello que pretende imprimirle a la gesti\u00f3n del Comit\u00e9 de Arquitectura?<\/strong><\/p>\n<p>La gesti\u00f3n de la Mesa Directiva del CAU se basar\u00e1 en el trabajo colaborativo enfocado en la idea de \u201cConcepci\u00f3n Inteligente\u201d. Para ello, primero es necesario construir una visi\u00f3n global de ciudad, centrada en la inclusi\u00f3n de los ciudadanos y sus oportunidades y luego instalar estrategias y acciones conducentes a relacionar a las organizaciones comunitarias, de transporte, infraestructura, patrimonio e instrumentos de planificaci\u00f3n territorial. El sello de nuestra gesti\u00f3n estar\u00e1 en instalar la idea de transformar a Concepci\u00f3n en una \u201cSmart City\u201d.<\/p>\n<p><strong>\u00bfQu\u00e9 involucra ese concepto?<\/strong><\/p>\n<p>Una ciudad es inteligente cuando est\u00e1 centrada en la inclusi\u00f3n de los ciudadanos y sus oportunidades, utilizando el potencial de la tecnolog\u00eda y la innovaci\u00f3n para promover, de manera eficiente, un desarrollo sostenible integrando la calidad de vida, gobernanza, econom\u00eda, movilidad, sociedad y medio ambiente.<\/p>\n<p><strong>\u00bfConcepci\u00f3n tiene las caracter\u00edsticas de una Smart City?<\/strong><\/p>\n<p>Concepci\u00f3n y la intercomuna tienen condiciones favorables para convertirse en una ciudad inteligente: ciudadanos e instituciones comprometidas con la urbe; infraestructura e instituciones que implementan soluciones tecnol\u00f3gicas para mejorar la calidad de vida; digitalizaci\u00f3n de servicios y comercio, entre otras, caracter\u00edsticas. Evidentemente, debemos superar los efectos de la pandemia para reactivar la econom\u00eda y retomar las actividades que permitan trabajar en forma colaborativa.<\/p>\n<p><strong>\u00bfEn qu\u00e9 otros temas se enfocar\u00e1n en este periodo?<\/strong><\/p>\n<p>La agenda del CAU tendr\u00e1 como eje central conocer las iniciativas existentes en el Gran Concepci\u00f3n y en el pa\u00eds respeto de ciudades inteligentes, en los \u00e1mbitos p\u00fablico, privado y la academia. Adem\u00e1s, continuaremos el estudio y actualizaci\u00f3n de los instrumentos de planificaci\u00f3n territorial y las iniciativas respecto del patrimonio. As\u00ed como tambi\u00e9n fortaleceremos los conversatorios DOM-MINVU-CChC, ampli\u00e1ndolos a asesor\u00eda urbana e incluyendo a municipios de toda la Regi\u00f3n.<\/p>\n<p>En este periodo, tambi\u00e9n iniciaremos los grupos de trabajo de Sustentabilidad y Medio Ambiente y de Movilidad Sostenible y continuaremos colaborando con la organizaci\u00f3n del primer Encuentro Nacional de Arquitectos (ENARC) socios de la CChC.<\/p>\n<p><img loading=\"lazy\" decoding=\"async\" src=\"https:\/\/www.bimsur.com\/sitio\/wp-content\/uploads\/2020\/09\/2020-09-02_Juan_Jose_Calderon_1-300x200.jpg\" alt=\"Juan Jos\u00e9 Calder\u00f3n\" width=\"300\" height=\"200\" class=\"alignnone size-medium wp-image-7949\" srcset=\"https:\/\/www.bimsur.com\/sitio\/wp-content\/uploads\/2020\/09\/2020-09-02_Juan_Jose_Calderon_1-300x200.jpg 300w, https:\/\/www.bimsur.com\/sitio\/wp-content\/uploads\/2020\/09\/2020-09-02_Juan_Jose_Calderon_1.jpg 900w\" sizes=\"auto, (max-width: 300px) 100vw, 300px\" \/><\/p>\n<blockquote>\n<p><em>La legislaci\u00f3n establece que un PRC debe actualizarse cada 10 a\u00f1os, por lo tanto, es el momento de convocar a una mesa p\u00fablico-privada para construir un nuevo instrumento de ordenamiento territorial. <\/em><\/p>\n<\/blockquote>\n<p>DISE\u00d1AR UN NUEVO PLAN REGULADOR<\/p>\n<p><strong>Uno de los temas importantes del gremio local es la modificaci\u00f3n al Plan Regulador Comunal de Concepci\u00f3n, donde el CAU propuso con fuerza el tema de la &#8220;Densificaci\u00f3n Equilibrada&#8221; para la ciudad \u00bfcontinuar\u00e1n en esa l\u00ednea?<\/strong><\/p>\n<p>Por supuesto. Para hacer de Concepci\u00f3n una ciudad inteligente debemos establecer cambios positivos en los componentes del sistema urbano y sus relaciones. En este sentido, se hace necesario optimizar el sistema de transporte urbano para aumentar la conectividad y reducir la alta congesti\u00f3n vehicular que hoy tenemos; desincentivar el uso del autom\u00f3vil para desplazamientos cortos e incentivar el uso de la bicicleta.<\/p>\n<p>Asimismo, es fundamental mejorar los espacios p\u00fablicos para consolidar las rutas peatonales. En definitiva, densificar en forma equilibrada para motivar a los ciudadanos a vivir en los centros urbanos y as\u00ed reducir los grandes desplazamientos en tiempo y espacio hacia la periferia.<\/p>\n<p><strong>\u00bfSiguen sosteniendo que la limitaci\u00f3n de altura es inadecuada? \u00bfPor qu\u00e9?<\/strong><\/p>\n<p>La altura es uno m\u00e1s de los aspectos que norma un plan regulador comunal y no puede abordarse en forma aislada, pues est\u00e1 en relaci\u00f3n con otros aspectos que regulan las condiciones urban\u00edsticas y de edificaci\u00f3n en una comuna.<\/p>\n<p>Es l\u00f3gico que las ciudades crezcan en altura en torno a sus centros urbanos, dado que es ah\u00ed donde se concentra la mayor\u00eda de los servicios p\u00fablicos y privados y los espacios p\u00fablicos inclusivos. Por el contrario, crecer en altura hacia la periferia genera un aumento en los tiempos de traslado y en la congesti\u00f3n vehicular, asociada a la necesidad de transportar a m\u00e1s personas a la zona c\u00e9ntrica.<\/p>\n<p><strong>\u00bfCree que amerita un nuevo PRC para la comuna de Concepci\u00f3n? <\/strong><\/p>\n<p>El actual PRC de Concepci\u00f3n tiene una vigencia de 16 a\u00f1os en los que ha debido modificarse 15 veces. Esto es claramente una se\u00f1al certera de que debe actualizarse, entendiendo su actualizaci\u00f3n como el dise\u00f1o de un nuevo PRC. La legislaci\u00f3n imperante establece que un PRC debe actualizarse cada 10 a\u00f1os, por tanto, es el momento de convocar a los actores de la ciudad a una mesa p\u00fablico-privada que incluya a todas las organizaciones para construir colaborativamente un nuevo PRC dentro del marco que la ley permite y obliga.<\/p>\n<p>Debemos tener presente que una ciudad como el Gran Concepci\u00f3n es una estructura compleja que acoge un sistema de relaciones establecidas por la coexistencia de varias comunas, entonces se hace necesario revisar y actualizar cada PRC adem\u00e1s del Plan Regulador Metropolitano Comunal (PRMC).<\/p>\n<p><strong>Ud. es conocido partidario del sistema BIM (Building Information Modeling) \u00bfCu\u00e1les son los beneficios y por qu\u00e9 las empresas deber\u00edan adoptarlo?<\/strong><\/p>\n<p>Formo parte del directorio del BIM Forum Chile B\u00edo-B\u00edo, primera instancia t\u00e9cnica regional en torno a la metodolog\u00eda BIM.  Como arquitecto utilizo software de dise\u00f1o param\u00e9trico, que es la base tecnol\u00f3gica con que trabaja la metodolog\u00eda BIM, desde hace 15 a\u00f1os para el desarrollo de proyectos de arquitectura y para la coordinaci\u00f3n con las especialidades.<\/p>\n<p>La metodolog\u00eda BIM es aplicable a todo el ciclo de vida de las edificaciones y obras de infraestructura, es decir, dise\u00f1o, construcci\u00f3n y operaci\u00f3n, facilita la trazabilidad y comunicaci\u00f3n de la informaci\u00f3n, reduce los imprevistos de obra y permite asegurar el cumplimiento de plazos.<\/p>\n<p>Nuestro pa\u00eds es l\u00edder en la implementaci\u00f3n de la metodolog\u00eda BIM en Latinoam\u00e9rica, desde junio de 2019 contamos con un Est\u00e1ndar BIM para Proyectos P\u00fablicos, que se enmarca en el Plan Construye 2025 de CORFO, dentro del proceso de transformaci\u00f3n digital en la industria de la construcci\u00f3n. Cada d\u00eda m\u00e1s empresas han tomado conocimiento de los beneficios de implementar BIM para sus procesos, comprendiendo que paso a paso esto va migrando de ser una opci\u00f3n a ser una obligaci\u00f3n.<\/p>\n<p><strong>\u00bfPor qu\u00e9 no es un sistema masificado?<\/strong><\/p>\n<p>Actualmente no es una metodolog\u00eda masificada por tres factores: falta de capital humano calificado con conocimiento BIM, el costo inicial de implementaci\u00f3n y la falta de adopci\u00f3n de todos los actores en la cadena de valor de la industria. Sin embargo, hoy existe mucha informaci\u00f3n, eventos y ejemplos de buenas pr\u00e1cticas del uso e implementaci\u00f3n de esta metodolog\u00eda que permite comprender sus ventajas y decidir convertirse en usuario de BIM.<\/p>\n<p><img loading=\"lazy\" decoding=\"async\" src=\"https:\/\/www.bimsur.com\/sitio\/wp-content\/uploads\/2020\/09\/2020-09-02_Juan_Jose_Calderon_2-300x200.jpg\" alt=\"Concepci\u00f3n\" width=\"300\" height=\"200\" class=\"alignnone size-medium wp-image-7950\" srcset=\"https:\/\/www.bimsur.com\/sitio\/wp-content\/uploads\/2020\/09\/2020-09-02_Juan_Jose_Calderon_2-300x200.jpg 300w, https:\/\/www.bimsur.com\/sitio\/wp-content\/uploads\/2020\/09\/2020-09-02_Juan_Jose_Calderon_2.jpg 900w\" sizes=\"auto, (max-width: 300px) 100vw, 300px\" \/><\/p>\n<p><a href=\"https:\/\/concepcionconstruye.cl\/juan-jose-calderon-presidente-comite-de-arquitectura-y-urbanismo-queremos-transformar-a-concepcion-en-una-ciudad-inteligente\/\" rel=\"noopener\" target=\"_blank\">CChC: Juan Jos\u00e9 Calder\u00f3n, presidente Comit\u00e9 de Arquitectura y Urbanismo: \u201cQueremos transformar a Concepci\u00f3n en una ciudad inteligente\u201d<\/a><\/p>\n","protected":false},"excerpt":{"rendered":"<p>2020-09-22 El profesional tendr\u00e1 una agenda con un importante foco en acciones que aporten al desarrollo de la urbe penquista como una \u201cSmart City\u201d. Adem\u00e1s, fortalecer\u00e1 los conversatorios DOM-MINVU-CChC ampli\u00e1ndolos a asesor\u00eda urbana de los municipios de la Regi\u00f3n e iniciar\u00e1 los grupos de trabajo de Sustentabilidad y Medio Ambiente y de Movilidad Sostenible. El&#8230;<\/p>\n","protected":false},"author":2,"featured_media":7948,"comment_status":"open","ping_status":"open","sticky":false,"template":"","format":"standard","meta":{"_acf_changed":false,"footnotes":""},"categories":[17,19],"tags":[],"class_list":["post-7945","post","type-post","status-publish","format-standard","has-post-thumbnail","hentry","category-noticias","category-noticias-destacadas"],"acf":[],"yoast_head":"<!-- This site is optimized with the Yoast SEO plugin v27.4 - https:\/\/yoast.com\/product\/yoast-seo-wordpress\/ -->\n<title>Juan Jos\u00e9 Calder\u00f3n, presidente Comit\u00e9 de Arquitectura y Urbanismo: \u201cQueremos transformar a Concepci\u00f3n en una ciudad inteligente\u201d - BIMSUR<\/title>\n<meta name=\"robots\" content=\"index, follow, max-snippet:-1, max-image-preview:large, max-video-preview:-1\" \/>\n<link rel=\"canonical\" href=\"https:\/\/www.bimsur.com\/sitio\/juan-jose-calderon-presidente-comite-de-arquitectura-y-urbanismo-queremos-transformar-a-concepcion-en-una-ciudad-inteligente\/\" \/>\n<meta property=\"og:locale\" content=\"es_ES\" \/>\n<meta property=\"og:type\" content=\"article\" \/>\n<meta property=\"og:title\" content=\"Juan Jos\u00e9 Calder\u00f3n, presidente Comit\u00e9 de Arquitectura y Urbanismo: \u201cQueremos transformar a Concepci\u00f3n en una ciudad inteligente\u201d - BIMSUR\" \/>\n<meta property=\"og:description\" content=\"2020-09-22 El profesional tendr\u00e1 una agenda con un importante foco en acciones que aporten al desarrollo de la urbe penquista como una \u201cSmart City\u201d. Adem\u00e1s, fortalecer\u00e1 los conversatorios DOM-MINVU-CChC ampli\u00e1ndolos a asesor\u00eda urbana de los municipios de la Regi\u00f3n e iniciar\u00e1 los grupos de trabajo de Sustentabilidad y Medio Ambiente y de Movilidad Sostenible. El...\" \/>\n<meta property=\"og:url\" content=\"https:\/\/www.bimsur.com\/sitio\/juan-jose-calderon-presidente-comite-de-arquitectura-y-urbanismo-queremos-transformar-a-concepcion-en-una-ciudad-inteligente\/\" \/>\n<meta property=\"og:site_name\" content=\"BIMSUR\" \/>\n<meta property=\"article:publisher\" content=\"https:\/\/www.facebook.com\/bimsurarquitectos\" \/>\n<meta property=\"article:published_time\" content=\"2020-09-22T12:48:11+00:00\" \/>\n<meta property=\"article:modified_time\" content=\"2022-08-03T12:55:11+00:00\" \/>\n<meta property=\"og:image\" content=\"https:\/\/www.bimsur.com\/sitio\/wp-content\/uploads\/2020\/09\/2020-09-02_Juan_Jose_Calderon_1_portada.jpg\" \/>\n\t<meta property=\"og:image:width\" content=\"600\" \/>\n\t<meta property=\"og:image:height\" content=\"600\" \/>\n\t<meta property=\"og:image:type\" content=\"image\/jpeg\" \/>\n<meta name=\"author\" content=\"Juan Jose Calderon\" \/>\n<meta name=\"twitter:card\" content=\"summary_large_image\" \/>\n<meta name=\"twitter:label1\" content=\"Escrito por\" \/>\n\t<meta name=\"twitter:data1\" content=\"Juan Jose Calderon\" \/>\n\t<meta name=\"twitter:label2\" content=\"Tiempo estimado de lectura\" \/>\n\t<meta name=\"twitter:data2\" content=\"6 minutos\" \/>\n<script type=\"application\/ld+json\" class=\"yoast-schema-graph\">{\"@context\":\"https:\\\/\\\/schema.org\",\"@graph\":[{\"@type\":\"Article\",\"@id\":\"https:\\\/\\\/www.bimsur.com\\\/sitio\\\/juan-jose-calderon-presidente-comite-de-arquitectura-y-urbanismo-queremos-transformar-a-concepcion-en-una-ciudad-inteligente\\\/#article\",\"isPartOf\":{\"@id\":\"https:\\\/\\\/www.bimsur.com\\\/sitio\\\/juan-jose-calderon-presidente-comite-de-arquitectura-y-urbanismo-queremos-transformar-a-concepcion-en-una-ciudad-inteligente\\\/\"},\"author\":{\"name\":\"Juan Jose Calderon\",\"@id\":\"https:\\\/\\\/www.bimsur.com\\\/sitio\\\/#\\\/schema\\\/person\\\/bcd169f6f6dab2a953f4ac83058e8115\"},\"headline\":\"Juan Jos\u00e9 Calder\u00f3n, presidente Comit\u00e9 de Arquitectura y Urbanismo: \u201cQueremos transformar a Concepci\u00f3n en una ciudad inteligente\u201d\",\"datePublished\":\"2020-09-22T12:48:11+00:00\",\"dateModified\":\"2022-08-03T12:55:11+00:00\",\"mainEntityOfPage\":{\"@id\":\"https:\\\/\\\/www.bimsur.com\\\/sitio\\\/juan-jose-calderon-presidente-comite-de-arquitectura-y-urbanismo-queremos-transformar-a-concepcion-en-una-ciudad-inteligente\\\/\"},\"wordCount\":1336,\"commentCount\":0,\"publisher\":{\"@id\":\"https:\\\/\\\/www.bimsur.com\\\/sitio\\\/#organization\"},\"image\":{\"@id\":\"https:\\\/\\\/www.bimsur.com\\\/sitio\\\/juan-jose-calderon-presidente-comite-de-arquitectura-y-urbanismo-queremos-transformar-a-concepcion-en-una-ciudad-inteligente\\\/#primaryimage\"},\"thumbnailUrl\":\"https:\\\/\\\/www.bimsur.com\\\/sitio\\\/wp-content\\\/uploads\\\/2020\\\/09\\\/2020-09-02_Juan_Jose_Calderon_1_portada.jpg\",\"articleSection\":[\"Noticias\",\"Noticias Destacadas\"],\"inLanguage\":\"es-CL\",\"potentialAction\":[{\"@type\":\"CommentAction\",\"name\":\"Comment\",\"target\":[\"https:\\\/\\\/www.bimsur.com\\\/sitio\\\/juan-jose-calderon-presidente-comite-de-arquitectura-y-urbanismo-queremos-transformar-a-concepcion-en-una-ciudad-inteligente\\\/#respond\"]}]},{\"@type\":\"WebPage\",\"@id\":\"https:\\\/\\\/www.bimsur.com\\\/sitio\\\/juan-jose-calderon-presidente-comite-de-arquitectura-y-urbanismo-queremos-transformar-a-concepcion-en-una-ciudad-inteligente\\\/\",\"url\":\"https:\\\/\\\/www.bimsur.com\\\/sitio\\\/juan-jose-calderon-presidente-comite-de-arquitectura-y-urbanismo-queremos-transformar-a-concepcion-en-una-ciudad-inteligente\\\/\",\"name\":\"Juan Jos\u00e9 Calder\u00f3n, presidente Comit\u00e9 de Arquitectura y Urbanismo: \u201cQueremos transformar a Concepci\u00f3n en una ciudad inteligente\u201d - BIMSUR\",\"isPartOf\":{\"@id\":\"https:\\\/\\\/www.bimsur.com\\\/sitio\\\/#website\"},\"primaryImageOfPage\":{\"@id\":\"https:\\\/\\\/www.bimsur.com\\\/sitio\\\/juan-jose-calderon-presidente-comite-de-arquitectura-y-urbanismo-queremos-transformar-a-concepcion-en-una-ciudad-inteligente\\\/#primaryimage\"},\"image\":{\"@id\":\"https:\\\/\\\/www.bimsur.com\\\/sitio\\\/juan-jose-calderon-presidente-comite-de-arquitectura-y-urbanismo-queremos-transformar-a-concepcion-en-una-ciudad-inteligente\\\/#primaryimage\"},\"thumbnailUrl\":\"https:\\\/\\\/www.bimsur.com\\\/sitio\\\/wp-content\\\/uploads\\\/2020\\\/09\\\/2020-09-02_Juan_Jose_Calderon_1_portada.jpg\",\"datePublished\":\"2020-09-22T12:48:11+00:00\",\"dateModified\":\"2022-08-03T12:55:11+00:00\",\"breadcrumb\":{\"@id\":\"https:\\\/\\\/www.bimsur.com\\\/sitio\\\/juan-jose-calderon-presidente-comite-de-arquitectura-y-urbanismo-queremos-transformar-a-concepcion-en-una-ciudad-inteligente\\\/#breadcrumb\"},\"inLanguage\":\"es-CL\",\"potentialAction\":[{\"@type\":\"ReadAction\",\"target\":[\"https:\\\/\\\/www.bimsur.com\\\/sitio\\\/juan-jose-calderon-presidente-comite-de-arquitectura-y-urbanismo-queremos-transformar-a-concepcion-en-una-ciudad-inteligente\\\/\"]}]},{\"@type\":\"ImageObject\",\"inLanguage\":\"es-CL\",\"@id\":\"https:\\\/\\\/www.bimsur.com\\\/sitio\\\/juan-jose-calderon-presidente-comite-de-arquitectura-y-urbanismo-queremos-transformar-a-concepcion-en-una-ciudad-inteligente\\\/#primaryimage\",\"url\":\"https:\\\/\\\/www.bimsur.com\\\/sitio\\\/wp-content\\\/uploads\\\/2020\\\/09\\\/2020-09-02_Juan_Jose_Calderon_1_portada.jpg\",\"contentUrl\":\"https:\\\/\\\/www.bimsur.com\\\/sitio\\\/wp-content\\\/uploads\\\/2020\\\/09\\\/2020-09-02_Juan_Jose_Calderon_1_portada.jpg\",\"width\":600,\"height\":600},{\"@type\":\"BreadcrumbList\",\"@id\":\"https:\\\/\\\/www.bimsur.com\\\/sitio\\\/juan-jose-calderon-presidente-comite-de-arquitectura-y-urbanismo-queremos-transformar-a-concepcion-en-una-ciudad-inteligente\\\/#breadcrumb\",\"itemListElement\":[{\"@type\":\"ListItem\",\"position\":1,\"name\":\"Portada\",\"item\":\"https:\\\/\\\/www.bimsur.com\\\/sitio\\\/\"},{\"@type\":\"ListItem\",\"position\":2,\"name\":\"Juan Jos\u00e9 Calder\u00f3n, presidente Comit\u00e9 de Arquitectura y Urbanismo: \u201cQueremos transformar a Concepci\u00f3n en una ciudad inteligente\u201d\"}]},{\"@type\":\"WebSite\",\"@id\":\"https:\\\/\\\/www.bimsur.com\\\/sitio\\\/#website\",\"url\":\"https:\\\/\\\/www.bimsur.com\\\/sitio\\\/\",\"name\":\"BIMSUR\",\"description\":\"BIMSUR Arquitectos\",\"publisher\":{\"@id\":\"https:\\\/\\\/www.bimsur.com\\\/sitio\\\/#organization\"},\"potentialAction\":[{\"@type\":\"SearchAction\",\"target\":{\"@type\":\"EntryPoint\",\"urlTemplate\":\"https:\\\/\\\/www.bimsur.com\\\/sitio\\\/?s={search_term_string}\"},\"query-input\":{\"@type\":\"PropertyValueSpecification\",\"valueRequired\":true,\"valueName\":\"search_term_string\"}}],\"inLanguage\":\"es-CL\"},{\"@type\":\"Organization\",\"@id\":\"https:\\\/\\\/www.bimsur.com\\\/sitio\\\/#organization\",\"name\":\"BIMSUR Arquitectos\",\"url\":\"https:\\\/\\\/www.bimsur.com\\\/sitio\\\/\",\"logo\":{\"@type\":\"ImageObject\",\"inLanguage\":\"es-CL\",\"@id\":\"https:\\\/\\\/www.bimsur.com\\\/sitio\\\/#\\\/schema\\\/logo\\\/image\\\/\",\"url\":\"https:\\\/\\\/www.bimsur.com\\\/sitio\\\/wp-content\\\/uploads\\\/2022\\\/07\\\/Logo_BIMSUR.png\",\"contentUrl\":\"https:\\\/\\\/www.bimsur.com\\\/sitio\\\/wp-content\\\/uploads\\\/2022\\\/07\\\/Logo_BIMSUR.png\",\"width\":2362,\"height\":2362,\"caption\":\"BIMSUR Arquitectos\"},\"image\":{\"@id\":\"https:\\\/\\\/www.bimsur.com\\\/sitio\\\/#\\\/schema\\\/logo\\\/image\\\/\"},\"sameAs\":[\"https:\\\/\\\/www.facebook.com\\\/bimsurarquitectos\",\"https:\\\/\\\/www.instagram.com\\\/bimsurarquitectos\\\/\"]},{\"@type\":\"Person\",\"@id\":\"https:\\\/\\\/www.bimsur.com\\\/sitio\\\/#\\\/schema\\\/person\\\/bcd169f6f6dab2a953f4ac83058e8115\",\"name\":\"Juan Jose Calderon\",\"image\":{\"@type\":\"ImageObject\",\"inLanguage\":\"es-CL\",\"@id\":\"https:\\\/\\\/secure.gravatar.com\\\/avatar\\\/8e30c73473c5d3c1ed28235cffe8828f1cbd3ef215c48750bd586ef4f3266a0a?s=96&d=mm&r=g\",\"url\":\"https:\\\/\\\/secure.gravatar.com\\\/avatar\\\/8e30c73473c5d3c1ed28235cffe8828f1cbd3ef215c48750bd586ef4f3266a0a?s=96&d=mm&r=g\",\"contentUrl\":\"https:\\\/\\\/secure.gravatar.com\\\/avatar\\\/8e30c73473c5d3c1ed28235cffe8828f1cbd3ef215c48750bd586ef4f3266a0a?s=96&d=mm&r=g\",\"caption\":\"Juan Jose Calderon\"},\"url\":\"https:\\\/\\\/www.bimsur.com\\\/sitio\\\/author\\\/jjcalderon\\\/\"}]}<\/script>\n<!-- \/ Yoast SEO plugin. -->","yoast_head_json":{"title":"Juan Jos\u00e9 Calder\u00f3n, presidente Comit\u00e9 de Arquitectura y Urbanismo: \u201cQueremos transformar a Concepci\u00f3n en una ciudad inteligente\u201d - BIMSUR","robots":{"index":"index","follow":"follow","max-snippet":"max-snippet:-1","max-image-preview":"max-image-preview:large","max-video-preview":"max-video-preview:-1"},"canonical":"https:\/\/www.bimsur.com\/sitio\/juan-jose-calderon-presidente-comite-de-arquitectura-y-urbanismo-queremos-transformar-a-concepcion-en-una-ciudad-inteligente\/","og_locale":"es_ES","og_type":"article","og_title":"Juan Jos\u00e9 Calder\u00f3n, presidente Comit\u00e9 de Arquitectura y Urbanismo: \u201cQueremos transformar a Concepci\u00f3n en una ciudad inteligente\u201d - BIMSUR","og_description":"2020-09-22 El profesional tendr\u00e1 una agenda con un importante foco en acciones que aporten al desarrollo de la urbe penquista como una \u201cSmart City\u201d. Adem\u00e1s, fortalecer\u00e1 los conversatorios DOM-MINVU-CChC ampli\u00e1ndolos a asesor\u00eda urbana de los municipios de la Regi\u00f3n e iniciar\u00e1 los grupos de trabajo de Sustentabilidad y Medio Ambiente y de Movilidad Sostenible. El...","og_url":"https:\/\/www.bimsur.com\/sitio\/juan-jose-calderon-presidente-comite-de-arquitectura-y-urbanismo-queremos-transformar-a-concepcion-en-una-ciudad-inteligente\/","og_site_name":"BIMSUR","article_publisher":"https:\/\/www.facebook.com\/bimsurarquitectos","article_published_time":"2020-09-22T12:48:11+00:00","article_modified_time":"2022-08-03T12:55:11+00:00","og_image":[{"width":600,"height":600,"url":"https:\/\/www.bimsur.com\/sitio\/wp-content\/uploads\/2020\/09\/2020-09-02_Juan_Jose_Calderon_1_portada.jpg","type":"image\/jpeg"}],"author":"Juan Jose Calderon","twitter_card":"summary_large_image","twitter_misc":{"Escrito por":"Juan Jose Calderon","Tiempo estimado de lectura":"6 minutos"},"schema":{"@context":"https:\/\/schema.org","@graph":[{"@type":"Article","@id":"https:\/\/www.bimsur.com\/sitio\/juan-jose-calderon-presidente-comite-de-arquitectura-y-urbanismo-queremos-transformar-a-concepcion-en-una-ciudad-inteligente\/#article","isPartOf":{"@id":"https:\/\/www.bimsur.com\/sitio\/juan-jose-calderon-presidente-comite-de-arquitectura-y-urbanismo-queremos-transformar-a-concepcion-en-una-ciudad-inteligente\/"},"author":{"name":"Juan Jose Calderon","@id":"https:\/\/www.bimsur.com\/sitio\/#\/schema\/person\/bcd169f6f6dab2a953f4ac83058e8115"},"headline":"Juan Jos\u00e9 Calder\u00f3n, presidente Comit\u00e9 de Arquitectura y Urbanismo: \u201cQueremos transformar a Concepci\u00f3n en una ciudad inteligente\u201d","datePublished":"2020-09-22T12:48:11+00:00","dateModified":"2022-08-03T12:55:11+00:00","mainEntityOfPage":{"@id":"https:\/\/www.bimsur.com\/sitio\/juan-jose-calderon-presidente-comite-de-arquitectura-y-urbanismo-queremos-transformar-a-concepcion-en-una-ciudad-inteligente\/"},"wordCount":1336,"commentCount":0,"publisher":{"@id":"https:\/\/www.bimsur.com\/sitio\/#organization"},"image":{"@id":"https:\/\/www.bimsur.com\/sitio\/juan-jose-calderon-presidente-comite-de-arquitectura-y-urbanismo-queremos-transformar-a-concepcion-en-una-ciudad-inteligente\/#primaryimage"},"thumbnailUrl":"https:\/\/www.bimsur.com\/sitio\/wp-content\/uploads\/2020\/09\/2020-09-02_Juan_Jose_Calderon_1_portada.jpg","articleSection":["Noticias","Noticias Destacadas"],"inLanguage":"es-CL","potentialAction":[{"@type":"CommentAction","name":"Comment","target":["https:\/\/www.bimsur.com\/sitio\/juan-jose-calderon-presidente-comite-de-arquitectura-y-urbanismo-queremos-transformar-a-concepcion-en-una-ciudad-inteligente\/#respond"]}]},{"@type":"WebPage","@id":"https:\/\/www.bimsur.com\/sitio\/juan-jose-calderon-presidente-comite-de-arquitectura-y-urbanismo-queremos-transformar-a-concepcion-en-una-ciudad-inteligente\/","url":"https:\/\/www.bimsur.com\/sitio\/juan-jose-calderon-presidente-comite-de-arquitectura-y-urbanismo-queremos-transformar-a-concepcion-en-una-ciudad-inteligente\/","name":"Juan Jos\u00e9 Calder\u00f3n, presidente Comit\u00e9 de Arquitectura y Urbanismo: \u201cQueremos transformar a Concepci\u00f3n en una ciudad inteligente\u201d - BIMSUR","isPartOf":{"@id":"https:\/\/www.bimsur.com\/sitio\/#website"},"primaryImageOfPage":{"@id":"https:\/\/www.bimsur.com\/sitio\/juan-jose-calderon-presidente-comite-de-arquitectura-y-urbanismo-queremos-transformar-a-concepcion-en-una-ciudad-inteligente\/#primaryimage"},"image":{"@id":"https:\/\/www.bimsur.com\/sitio\/juan-jose-calderon-presidente-comite-de-arquitectura-y-urbanismo-queremos-transformar-a-concepcion-en-una-ciudad-inteligente\/#primaryimage"},"thumbnailUrl":"https:\/\/www.bimsur.com\/sitio\/wp-content\/uploads\/2020\/09\/2020-09-02_Juan_Jose_Calderon_1_portada.jpg","datePublished":"2020-09-22T12:48:11+00:00","dateModified":"2022-08-03T12:55:11+00:00","breadcrumb":{"@id":"https:\/\/www.bimsur.com\/sitio\/juan-jose-calderon-presidente-comite-de-arquitectura-y-urbanismo-queremos-transformar-a-concepcion-en-una-ciudad-inteligente\/#breadcrumb"},"inLanguage":"es-CL","potentialAction":[{"@type":"ReadAction","target":["https:\/\/www.bimsur.com\/sitio\/juan-jose-calderon-presidente-comite-de-arquitectura-y-urbanismo-queremos-transformar-a-concepcion-en-una-ciudad-inteligente\/"]}]},{"@type":"ImageObject","inLanguage":"es-CL","@id":"https:\/\/www.bimsur.com\/sitio\/juan-jose-calderon-presidente-comite-de-arquitectura-y-urbanismo-queremos-transformar-a-concepcion-en-una-ciudad-inteligente\/#primaryimage","url":"https:\/\/www.bimsur.com\/sitio\/wp-content\/uploads\/2020\/09\/2020-09-02_Juan_Jose_Calderon_1_portada.jpg","contentUrl":"https:\/\/www.bimsur.com\/sitio\/wp-content\/uploads\/2020\/09\/2020-09-02_Juan_Jose_Calderon_1_portada.jpg","width":600,"height":600},{"@type":"BreadcrumbList","@id":"https:\/\/www.bimsur.com\/sitio\/juan-jose-calderon-presidente-comite-de-arquitectura-y-urbanismo-queremos-transformar-a-concepcion-en-una-ciudad-inteligente\/#breadcrumb","itemListElement":[{"@type":"ListItem","position":1,"name":"Portada","item":"https:\/\/www.bimsur.com\/sitio\/"},{"@type":"ListItem","position":2,"name":"Juan Jos\u00e9 Calder\u00f3n, presidente Comit\u00e9 de Arquitectura y Urbanismo: \u201cQueremos transformar a Concepci\u00f3n en una ciudad inteligente\u201d"}]},{"@type":"WebSite","@id":"https:\/\/www.bimsur.com\/sitio\/#website","url":"https:\/\/www.bimsur.com\/sitio\/","name":"BIMSUR","description":"BIMSUR Arquitectos","publisher":{"@id":"https:\/\/www.bimsur.com\/sitio\/#organization"},"potentialAction":[{"@type":"SearchAction","target":{"@type":"EntryPoint","urlTemplate":"https:\/\/www.bimsur.com\/sitio\/?s={search_term_string}"},"query-input":{"@type":"PropertyValueSpecification","valueRequired":true,"valueName":"search_term_string"}}],"inLanguage":"es-CL"},{"@type":"Organization","@id":"https:\/\/www.bimsur.com\/sitio\/#organization","name":"BIMSUR Arquitectos","url":"https:\/\/www.bimsur.com\/sitio\/","logo":{"@type":"ImageObject","inLanguage":"es-CL","@id":"https:\/\/www.bimsur.com\/sitio\/#\/schema\/logo\/image\/","url":"https:\/\/www.bimsur.com\/sitio\/wp-content\/uploads\/2022\/07\/Logo_BIMSUR.png","contentUrl":"https:\/\/www.bimsur.com\/sitio\/wp-content\/uploads\/2022\/07\/Logo_BIMSUR.png","width":2362,"height":2362,"caption":"BIMSUR Arquitectos"},"image":{"@id":"https:\/\/www.bimsur.com\/sitio\/#\/schema\/logo\/image\/"},"sameAs":["https:\/\/www.facebook.com\/bimsurarquitectos","https:\/\/www.instagram.com\/bimsurarquitectos\/"]},{"@type":"Person","@id":"https:\/\/www.bimsur.com\/sitio\/#\/schema\/person\/bcd169f6f6dab2a953f4ac83058e8115","name":"Juan Jose Calderon","image":{"@type":"ImageObject","inLanguage":"es-CL","@id":"https:\/\/secure.gravatar.com\/avatar\/8e30c73473c5d3c1ed28235cffe8828f1cbd3ef215c48750bd586ef4f3266a0a?s=96&d=mm&r=g","url":"https:\/\/secure.gravatar.com\/avatar\/8e30c73473c5d3c1ed28235cffe8828f1cbd3ef215c48750bd586ef4f3266a0a?s=96&d=mm&r=g","contentUrl":"https:\/\/secure.gravatar.com\/avatar\/8e30c73473c5d3c1ed28235cffe8828f1cbd3ef215c48750bd586ef4f3266a0a?s=96&d=mm&r=g","caption":"Juan Jose Calderon"},"url":"https:\/\/www.bimsur.com\/sitio\/author\/jjcalderon\/"}]}},"_links":{"self":[{"href":"https:\/\/www.bimsur.com\/sitio\/wp-json\/wp\/v2\/posts\/7945","targetHints":{"allow":["GET"]}}],"collection":[{"href":"https:\/\/www.bimsur.com\/sitio\/wp-json\/wp\/v2\/posts"}],"about":[{"href":"https:\/\/www.bimsur.com\/sitio\/wp-json\/wp\/v2\/types\/post"}],"author":[{"embeddable":true,"href":"https:\/\/www.bimsur.com\/sitio\/wp-json\/wp\/v2\/users\/2"}],"replies":[{"embeddable":true,"href":"https:\/\/www.bimsur.com\/sitio\/wp-json\/wp\/v2\/comments?post=7945"}],"version-history":[{"count":3,"href":"https:\/\/www.bimsur.com\/sitio\/wp-json\/wp\/v2\/posts\/7945\/revisions"}],"predecessor-version":[{"id":7951,"href":"https:\/\/www.bimsur.com\/sitio\/wp-json\/wp\/v2\/posts\/7945\/revisions\/7951"}],"wp:featuredmedia":[{"embeddable":true,"href":"https:\/\/www.bimsur.com\/sitio\/wp-json\/wp\/v2\/media\/7948"}],"wp:attachment":[{"href":"https:\/\/www.bimsur.com\/sitio\/wp-json\/wp\/v2\/media?parent=7945"}],"wp:term":[{"taxonomy":"category","embeddable":true,"href":"https:\/\/www.bimsur.com\/sitio\/wp-json\/wp\/v2\/categories?post=7945"},{"taxonomy":"post_tag","embeddable":true,"href":"https:\/\/www.bimsur.com\/sitio\/wp-json\/wp\/v2\/tags?post=7945"}],"curies":[{"name":"wp","href":"https:\/\/api.w.org\/{rel}","templated":true}]}}